{"id":11634,"date":"2024-06-20T11:20:56","date_gmt":"2024-06-20T16:20:56","guid":{"rendered":"https:\/\/25thward.org\/?p=11634"},"modified":"2024-06-20T11:22:59","modified_gmt":"2024-06-20T16:22:59","slug":"politica-de-chicago-equidad-en-la-vivienda","status":"publish","type":"post","link":"https:\/\/25thward.org\/es\/politica-de-chicago-equidad-en-la-vivienda\/","title":{"rendered":"Pol\u00edtica de Chicago: equidad en la vivienda"},"content":{"rendered":"\t\t<div data-elementor-type=\"wp-post\" data-elementor-id=\"11634\" class=\"elementor elementor-11634\" data-elementor-post-type=\"post\">\n\t\t\t\t\t\t<section data-particle_enable=\"false\" data-particle-mobile-disabled=\"false\" class=\"elementor-section elementor-top-section elementor-element elementor-element-6ff7359 elementor-section-boxed elementor-section-height-default elementor-section-height-default\" data-id=\"6ff7359\" data-element_type=\"section\" data-e-type=\"section\">\n\t\t\t\t\t\t<div class=\"elementor-container elementor-column-gap-default\">\n\t\t\t\t\t<div class=\"elementor-column elementor-col-100 elementor-top-column elementor-element elementor-element-382af71\" data-id=\"382af71\" data-element_type=\"column\" data-e-type=\"column\">\n\t\t\t<div class=\"elementor-widget-wrap elementor-element-populated\">\n\t\t\t\t\t\t<div class=\"elementor-element elementor-element-44d240d elementor-widget elementor-widget-text-editor\" data-id=\"44d240d\" data-element_type=\"widget\" data-e-type=\"widget\" data-widget_type=\"text-editor.default\">\n\t\t\t\t<div class=\"elementor-widget-container\">\n\t\t\t\t\t\t\t\t\t<p>La vivienda es un derecho humano fundamental que es esencial para el bienestar y la dignidad de todas las personas. Sin embargo, para muchas comunidades negras y latinas en Chicago, este derecho b\u00e1sico a menudo est\u00e1 fuera de su alcance debido a desigualdades y discriminaci\u00f3n sist\u00e9micas. Como resultado, muchas familias se ven obligadas a vivir en condiciones de vivienda deficientes o enfrentarse a la falta de vivienda.<\/p><p>Concejal Byron Sigcho-Lopez, quien representa el Distrito 25 y preside el Comit\u00e9 de Vivienda y Bienes Ra\u00edces. Desde su elecci\u00f3n en 2019, Sigcho-L\u00f3pez ha hecho de la vivienda asequible una prioridad.<\/p><p>Su administraci\u00f3n dice que entre sus logros se encuentran la implementaci\u00f3n y protecci\u00f3n de m\u00e1s de 800 unidades de vivienda asequible, la lucha exitosa por un cambio de pol\u00edtica que permita al Fondo Fiduciario de Vivienda para Personas de Bajos Ingresos de la ciudad proporcionar vales a residentes indocumentados y la aprobaci\u00f3n de una ley que proh\u00edbe a los desarrolladores acosar a los propietarios de viviendas para vendiendo sus casas.<\/p><p>El concejal Sigcho-L\u00f3pez estuvo al frente y al centro de la pol\u00edtica de Chicago.<br \/>Hist\u00f3ricamente, las comunidades negras y latinas han enfrentado barreras para acceder a viviendas seguras y asequibles. Pr\u00e1cticas discriminatorias como la l\u00ednea roja, que negaba pr\u00e9stamos hipotecarios a personas de color por su raza u origen \u00e9tnico, han dado lugar a vecindarios segregados con recursos y oportunidades limitados. El concejal Sigcho-L\u00f3pez habl\u00f3 sobre c\u00f3mo comenzar a corregir errores que se han venido gestando durante d\u00e9cadas.<\/p><p>\u00abNecesitamos tener una estrategia y, m\u00e1s que nada, debemos ser intencionales para reconocer que la vivienda es un derecho humano\u00bb, dijo. \u201cTenemos 80.000 unidades desocupadas y al mismo tiempo tenemos 69.000 personas sin vivienda. Es inconcebible e inaceptable\u201d.<\/p><p>A fines del a\u00f1o pasado, Sigcho-L\u00f3pez estuvo entre los l\u00edderes del Concejo Municipal que pidieron una mayor rendici\u00f3n de cuentas por parte de la Autoridad de Vivienda de Chicago (CHA) luego de una investigaci\u00f3n realizada por Block Club Chicago y Illinois Answers Project sobre los cientos de unidades vac\u00edas y en deterioro de la agencia.<br \/>Se hicieron promesas. Las viviendas p\u00fablicas fueron derribadas con la promesa de ser reconstruidas. Es importante responsabilizar a la CHA\u201d, dijo. \u201cTenemos el compromiso (de Tracey Scott, directora ejecutiva de CHA) de venir dos veces al a\u00f1o (y reunirnos con el Concejo Municipal de Chicago. Sigcho-L\u00f3pez dice que en su opini\u00f3n la CHA ha dejado de crear viviendas p\u00fablicas.<br \/>Sigcho L\u00f3pez, un inmigrante ecuatoriano, lleg\u00f3 a Estados Unidos hace 23 a\u00f1os y se estableci\u00f3 en Pilsen. Trabaj\u00f3 como profesor de educaci\u00f3n de adultos y fund\u00f3 el programa de educaci\u00f3n biling\u00fce de adultos en la Universidad de Illinois en Chicago.<\/p><p>Sigcho-L\u00f3pez se volvi\u00f3 pol\u00edticamente activa despu\u00e9s de que el ex alcalde Rahm Emanuel anunciara el cierre de una escuela p\u00fablica del vecindario, donde Byron se ofreci\u00f3 como entrenador de f\u00fatbol y dirigi\u00f3 los esfuerzos de la comunidad para mantener abierta esa escuela, lo que finalmente tuvo \u00e9xito. M\u00e1s tarde, Byron se desempe\u00f1\u00f3 como director de Pilsen Alliance, donde fue l\u00edder en la lucha contra la gentrificaci\u00f3n y el desplazamiento, y cofund\u00f3 la campa\u00f1a para levantar la prohibici\u00f3n del control de alquileres en Illinois.<\/p><p>El concejal Sigcho-L\u00f3pez obtuvo una Licenciatura en Matem\u00e1ticas y Administraci\u00f3n de Empresas de la Universidad Cumberland y una Maestr\u00eda en Econom\u00eda de la Universidad de Illinois en Chicago.<\/p>\t\t\t\t\t\t\t\t<\/div>\n\t\t\t\t<\/div>\n\t\t\t\t\t<\/div>\n\t\t<\/div>\n\t\t\t\t\t<\/div>\n\t\t<\/section>\n\t\t\t\t<section data-particle_enable=\"false\" data-particle-mobile-disabled=\"false\" class=\"elementor-section elementor-top-section elementor-element elementor-element-5f252c9 elementor-section-boxed elementor-section-height-default elementor-section-height-default\" data-id=\"5f252c9\" data-element_type=\"section\" data-e-type=\"section\">\n\t\t\t\t\t\t<div class=\"elementor-container elementor-column-gap-default\">\n\t\t\t\t\t<div class=\"elementor-column elementor-col-100 elementor-top-column elementor-element elementor-element-954855b\" data-id=\"954855b\" data-element_type=\"column\" data-e-type=\"column\">\n\t\t\t<div class=\"elementor-widget-wrap elementor-element-populated\">\n\t\t\t\t\t\t<div class=\"elementor-element elementor-element-83b8506 elementor-widget elementor-widget-video\" data-id=\"83b8506\" data-element_type=\"widget\" data-e-type=\"widget\" data-settings=\"{&quot;youtube_url&quot;:&quot;https:\\\/\\\/www.youtube.com\\\/watch?v=dN7PS8dCoRY&amp;t=11s&quot;,&quot;video_type&quot;:&quot;youtube&quot;,&quot;controls&quot;:&quot;yes&quot;}\" data-widget_type=\"video.default\">\n\t\t\t\t<div class=\"elementor-widget-container\">\n\t\t\t\t\t\t\t<div class=\"elementor-wrapper elementor-open-inline\">\n\t\t\t<div class=\"elementor-video\"><\/div>\t\t<\/div>\n\t\t\t\t\t\t<\/div>\n\t\t\t\t<\/div>\n\t\t\t\t\t<\/div>\n\t\t<\/div>\n\t\t\t\t\t<\/div>\n\t\t<\/section>\n\t\t\t\t<\/div>\n\t\t","protected":false},"excerpt":{"rendered":"<p>La vivienda es un derecho humano fundamental que es esencial para el bienestar y la dignidad de todas las personas. Sin embargo, para muchas comunidades negras y latinas en Chicago, este derecho b\u00e1sico a menudo est\u00e1 fuera de su alcance debido a desigualdades y discriminaci\u00f3n sist\u00e9micas. Como resultado, muchas familias se ven obligadas a vivir [&hellip;]<\/p>\n","protected":false},"author":1,"featured_media":11635,"comment_status":"open","ping_status":"open","sticky":false,"template":"","format":"standard","meta":{"site-sidebar-layout":"default","site-content-layout":"","ast-site-content-layout":"default","site-content-style":"default","site-sidebar-style":"default","ast-global-header-display":"","ast-banner-title-visibility":"","ast-main-header-display":"","ast-hfb-above-header-display":"","ast-hfb-below-header-display":"","ast-hfb-mobile-header-display":"","site-post-title":"","ast-breadcrumbs-content":"","ast-featured-img":"","footer-sml-layout":"","theme-transparent-header-meta":"","adv-header-id-meta":"","stick-header-meta":"","header-above-stick-meta":"","header-main-stick-meta":"","header-below-stick-meta":"","astra-migrate-meta-layouts":"set","ast-page-background-enabled":"default","ast-page-background-meta":{"desktop":{"background-color":"var(--ast-global-color-4)","background-image":"","background-repeat":"repeat","background-position":"center center","background-size":"auto","background-attachment":"scroll","background-type":"","background-media":"","overlay-type":"","overlay-color":"","overlay-opacity":"","overlay-gradient":""},"tablet":{"background-color":"","background-image":"","background-repeat":"repeat","background-position":"center center","background-size":"auto","background-attachment":"scroll","background-type":"","background-media":"","overlay-type":"","overlay-color":"","overlay-opacity":"","overlay-gradient":""},"mobile":{"background-color":"","background-image":"","background-repeat":"repeat","background-position":"center center","background-size":"auto","background-attachment":"scroll","background-type":"","background-media":"","overlay-type":"","overlay-color":"","overlay-opacity":"","overlay-gradient":""}},"ast-content-background-meta":{"desktop":{"background-color":"var(--ast-global-color-5)","background-image":"","background-repeat":"repeat","background-position":"center center","background-size":"auto","background-attachment":"scroll","background-type":"","background-media":"","overlay-type":"","overlay-color":"","overlay-opacity":"","overlay-gradient":""},"tablet":{"background-color":"var(--ast-global-color-5)","background-image":"","background-repeat":"repeat","background-position":"center center","background-size":"auto","background-attachment":"scroll","background-type":"","background-media":"","overlay-type":"","overlay-color":"","overlay-opacity":"","overlay-gradient":""},"mobile":{"background-color":"var(--ast-global-color-5)","background-image":"","background-repeat":"repeat","background-position":"center center","background-size":"auto","background-attachment":"scroll","background-type":"","background-media":"","overlay-type":"","overlay-color":"","overlay-opacity":"","overlay-gradient":""}},"footnotes":""},"categories":[77],"tags":[],"class_list":["post-11634","post","type-post","status-publish","format-standard","has-post-thumbnail","hentry","category-prensa"],"yoast_head":"<!-- This site is optimized with the Yoast SEO Premium plugin v24.5 (Yoast SEO v27.5) - https:\/\/yoast.com\/product\/yoast-seo-premium-wordpress\/ -->\n<title>Pol\u00edtica de Chicago: equidad en la vivienda - 25 Th Ward<\/title>\n<meta name=\"robots\" content=\"index, follow, max-snippet:-1, max-image-preview:large, max-video-preview:-1\" \/>\n<link rel=\"canonical\" href=\"https:\/\/25thward.org\/es\/politica-de-chicago-equidad-en-la-vivienda\/\" \/>\n<meta property=\"og:locale\" content=\"es_ES\" \/>\n<meta property=\"og:type\" content=\"article\" \/>\n<meta property=\"og:title\" content=\"Pol\u00edtica de Chicago: equidad en la vivienda\" \/>\n<meta property=\"og:description\" content=\"La vivienda es un derecho humano fundamental que es esencial para el bienestar y la dignidad de todas las personas. Sin embargo, para muchas comunidades negras y latinas en Chicago, este derecho b\u00e1sico a menudo est\u00e1 fuera de su alcance debido a desigualdades y discriminaci\u00f3n sist\u00e9micas. Como resultado, muchas familias se ven obligadas a vivir [&hellip;]\" \/>\n<meta property=\"og:url\" content=\"https:\/\/25thward.org\/es\/politica-de-chicago-equidad-en-la-vivienda\/\" \/>\n<meta property=\"og:site_name\" content=\"25 Th Ward\" \/>\n<meta property=\"article:publisher\" content=\"https:\/\/www.facebook.com\/SigchoFor25\" \/>\n<meta property=\"article:published_time\" content=\"2024-06-20T16:20:56+00:00\" \/>\n<meta property=\"article:modified_time\" content=\"2024-06-20T16:22:59+00:00\" \/>\n<meta property=\"og:image\" content=\"https:\/\/25thward.org\/wp-content\/uploads\/2024\/06\/Chicago-Politics-Housing-Equity-1.jpg\" \/>\n\t<meta property=\"og:image:width\" content=\"1760\" \/>\n\t<meta property=\"og:image:height\" content=\"1088\" \/>\n\t<meta property=\"og:image:type\" content=\"image\/jpeg\" \/>\n<meta name=\"author\" content=\"25thward\" \/>\n<meta name=\"twitter:card\" content=\"summary_large_image\" \/>\n<meta name=\"twitter:creator\" content=\"@byronsigcho\" \/>\n<meta name=\"twitter:site\" content=\"@byronsigcho\" \/>\n<meta name=\"twitter:label1\" content=\"Escrito por\" \/>\n\t<meta name=\"twitter:data1\" content=\"25thward\" \/>\n\t<meta name=\"twitter:label2\" content=\"Tiempo de lectura\" \/>\n\t<meta name=\"twitter:data2\" content=\"3 minutos\" \/>\n<script type=\"application\/ld+json\" class=\"yoast-schema-graph\">{\"@context\":\"https:\\\/\\\/schema.org\",\"@graph\":[{\"@type\":\"Article\",\"@id\":\"https:\\\/\\\/25thward.org\\\/es\\\/politica-de-chicago-equidad-en-la-vivienda\\\/#article\",\"isPartOf\":{\"@id\":\"https:\\\/\\\/25thward.org\\\/es\\\/politica-de-chicago-equidad-en-la-vivienda\\\/\"},\"author\":{\"name\":\"25thward\",\"@id\":\"https:\\\/\\\/25thward.org\\\/#\\\/schema\\\/person\\\/e4b2756d89b02d286f39ffe03f7196de\"},\"headline\":\"Pol\u00edtica de Chicago: equidad en la vivienda\",\"datePublished\":\"2024-06-20T16:20:56+00:00\",\"dateModified\":\"2024-06-20T16:22:59+00:00\",\"mainEntityOfPage\":{\"@id\":\"https:\\\/\\\/25thward.org\\\/es\\\/politica-de-chicago-equidad-en-la-vivienda\\\/\"},\"wordCount\":616,\"commentCount\":0,\"publisher\":{\"@id\":\"https:\\\/\\\/25thward.org\\\/#organization\"},\"image\":{\"@id\":\"https:\\\/\\\/25thward.org\\\/es\\\/politica-de-chicago-equidad-en-la-vivienda\\\/#primaryimage\"},\"thumbnailUrl\":\"https:\\\/\\\/25thward.org\\\/wp-content\\\/uploads\\\/2024\\\/06\\\/Chicago-Politics-Housing-Equity-1.jpg\",\"articleSection\":[\"Prensa\"],\"inLanguage\":\"es\",\"potentialAction\":[{\"@type\":\"CommentAction\",\"name\":\"Comment\",\"target\":[\"https:\\\/\\\/25thward.org\\\/es\\\/politica-de-chicago-equidad-en-la-vivienda\\\/#respond\"]}]},{\"@type\":\"WebPage\",\"@id\":\"https:\\\/\\\/25thward.org\\\/es\\\/politica-de-chicago-equidad-en-la-vivienda\\\/\",\"url\":\"https:\\\/\\\/25thward.org\\\/es\\\/politica-de-chicago-equidad-en-la-vivienda\\\/\",\"name\":\"Pol\u00edtica de Chicago: equidad en la vivienda - 25 Th Ward\",\"isPartOf\":{\"@id\":\"https:\\\/\\\/25thward.org\\\/#website\"},\"primaryImageOfPage\":{\"@id\":\"https:\\\/\\\/25thward.org\\\/es\\\/politica-de-chicago-equidad-en-la-vivienda\\\/#primaryimage\"},\"image\":{\"@id\":\"https:\\\/\\\/25thward.org\\\/es\\\/politica-de-chicago-equidad-en-la-vivienda\\\/#primaryimage\"},\"thumbnailUrl\":\"https:\\\/\\\/25thward.org\\\/wp-content\\\/uploads\\\/2024\\\/06\\\/Chicago-Politics-Housing-Equity-1.jpg\",\"datePublished\":\"2024-06-20T16:20:56+00:00\",\"dateModified\":\"2024-06-20T16:22:59+00:00\",\"breadcrumb\":{\"@id\":\"https:\\\/\\\/25thward.org\\\/es\\\/politica-de-chicago-equidad-en-la-vivienda\\\/#breadcrumb\"},\"inLanguage\":\"es\",\"potentialAction\":[{\"@type\":\"ReadAction\",\"target\":[\"https:\\\/\\\/25thward.org\\\/es\\\/politica-de-chicago-equidad-en-la-vivienda\\\/\"]}]},{\"@type\":\"ImageObject\",\"inLanguage\":\"es\",\"@id\":\"https:\\\/\\\/25thward.org\\\/es\\\/politica-de-chicago-equidad-en-la-vivienda\\\/#primaryimage\",\"url\":\"https:\\\/\\\/25thward.org\\\/wp-content\\\/uploads\\\/2024\\\/06\\\/Chicago-Politics-Housing-Equity-1.jpg\",\"contentUrl\":\"https:\\\/\\\/25thward.org\\\/wp-content\\\/uploads\\\/2024\\\/06\\\/Chicago-Politics-Housing-Equity-1.jpg\",\"width\":1760,\"height\":1088},{\"@type\":\"BreadcrumbList\",\"@id\":\"https:\\\/\\\/25thward.org\\\/es\\\/politica-de-chicago-equidad-en-la-vivienda\\\/#breadcrumb\",\"itemListElement\":[{\"@type\":\"ListItem\",\"position\":1,\"name\":\"Home\",\"item\":\"https:\\\/\\\/25thward.org\\\/es\\\/\"},{\"@type\":\"ListItem\",\"position\":2,\"name\":\"Pol\u00edtica de Chicago: equidad en la vivienda\"}]},{\"@type\":\"WebSite\",\"@id\":\"https:\\\/\\\/25thward.org\\\/#website\",\"url\":\"https:\\\/\\\/25thward.org\\\/\",\"name\":\"25 Th Ward\",\"description\":\"\",\"publisher\":{\"@id\":\"https:\\\/\\\/25thward.org\\\/#organization\"},\"potentialAction\":[{\"@type\":\"SearchAction\",\"target\":{\"@type\":\"EntryPoint\",\"urlTemplate\":\"https:\\\/\\\/25thward.org\\\/?s={search_term_string}\"},\"query-input\":{\"@type\":\"PropertyValueSpecification\",\"valueRequired\":true,\"valueName\":\"search_term_string\"}}],\"inLanguage\":\"es\"},{\"@type\":\"Organization\",\"@id\":\"https:\\\/\\\/25thward.org\\\/#organization\",\"name\":\"Byron Sigcho Lopez\",\"url\":\"https:\\\/\\\/25thward.org\\\/\",\"logo\":{\"@type\":\"ImageObject\",\"inLanguage\":\"es\",\"@id\":\"https:\\\/\\\/25thward.org\\\/#\\\/schema\\\/logo\\\/image\\\/\",\"url\":\"https:\\\/\\\/25thward.org\\\/wp-content\\\/uploads\\\/2023\\\/08\\\/Untitled-design-5.png\",\"contentUrl\":\"https:\\\/\\\/25thward.org\\\/wp-content\\\/uploads\\\/2023\\\/08\\\/Untitled-design-5.png\",\"width\":6912,\"height\":3456,\"caption\":\"Byron Sigcho Lopez\"},\"image\":{\"@id\":\"https:\\\/\\\/25thward.org\\\/#\\\/schema\\\/logo\\\/image\\\/\"},\"sameAs\":[\"https:\\\/\\\/www.facebook.com\\\/SigchoFor25\",\"https:\\\/\\\/x.com\\\/byronsigcho\",\"https:\\\/\\\/www.instagram.com\\\/sigchofor25\\\/\"]},{\"@type\":\"Person\",\"@id\":\"https:\\\/\\\/25thward.org\\\/#\\\/schema\\\/person\\\/e4b2756d89b02d286f39ffe03f7196de\",\"name\":\"25thward\",\"image\":{\"@type\":\"ImageObject\",\"inLanguage\":\"es\",\"@id\":\"https:\\\/\\\/secure.gravatar.com\\\/avatar\\\/b5608d8e815d0cc520c8b52f2e7b8c87c3e7e032dd108521bc2681a88c5fbe83?s=96&d=mm&r=g\",\"url\":\"https:\\\/\\\/secure.gravatar.com\\\/avatar\\\/b5608d8e815d0cc520c8b52f2e7b8c87c3e7e032dd108521bc2681a88c5fbe83?s=96&d=mm&r=g\",\"contentUrl\":\"https:\\\/\\\/secure.gravatar.com\\\/avatar\\\/b5608d8e815d0cc520c8b52f2e7b8c87c3e7e032dd108521bc2681a88c5fbe83?s=96&d=mm&r=g\",\"caption\":\"25thward\"},\"sameAs\":[\"https:\\\/\\\/25thward.org\"],\"url\":\"https:\\\/\\\/25thward.org\\\/es\\\/author\\\/25thwardbyron-com\\\/\"}]}<\/script>\n<!-- \/ Yoast SEO Premium plugin. -->","yoast_head_json":{"title":"Pol\u00edtica de Chicago: equidad en la vivienda - 25 Th Ward","robots":{"index":"index","follow":"follow","max-snippet":"max-snippet:-1","max-image-preview":"max-image-preview:large","max-video-preview":"max-video-preview:-1"},"canonical":"https:\/\/25thward.org\/es\/politica-de-chicago-equidad-en-la-vivienda\/","og_locale":"es_ES","og_type":"article","og_title":"Pol\u00edtica de Chicago: equidad en la vivienda","og_description":"La vivienda es un derecho humano fundamental que es esencial para el bienestar y la dignidad de todas las personas. Sin embargo, para muchas comunidades negras y latinas en Chicago, este derecho b\u00e1sico a menudo est\u00e1 fuera de su alcance debido a desigualdades y discriminaci\u00f3n sist\u00e9micas. Como resultado, muchas familias se ven obligadas a vivir [&hellip;]","og_url":"https:\/\/25thward.org\/es\/politica-de-chicago-equidad-en-la-vivienda\/","og_site_name":"25 Th Ward","article_publisher":"https:\/\/www.facebook.com\/SigchoFor25","article_published_time":"2024-06-20T16:20:56+00:00","article_modified_time":"2024-06-20T16:22:59+00:00","og_image":[{"width":1760,"height":1088,"url":"https:\/\/25thward.org\/wp-content\/uploads\/2024\/06\/Chicago-Politics-Housing-Equity-1.jpg","type":"image\/jpeg"}],"author":"25thward","twitter_card":"summary_large_image","twitter_creator":"@byronsigcho","twitter_site":"@byronsigcho","twitter_misc":{"Escrito por":"25thward","Tiempo de lectura":"3 minutos"},"schema":{"@context":"https:\/\/schema.org","@graph":[{"@type":"Article","@id":"https:\/\/25thward.org\/es\/politica-de-chicago-equidad-en-la-vivienda\/#article","isPartOf":{"@id":"https:\/\/25thward.org\/es\/politica-de-chicago-equidad-en-la-vivienda\/"},"author":{"name":"25thward","@id":"https:\/\/25thward.org\/#\/schema\/person\/e4b2756d89b02d286f39ffe03f7196de"},"headline":"Pol\u00edtica de Chicago: equidad en la vivienda","datePublished":"2024-06-20T16:20:56+00:00","dateModified":"2024-06-20T16:22:59+00:00","mainEntityOfPage":{"@id":"https:\/\/25thward.org\/es\/politica-de-chicago-equidad-en-la-vivienda\/"},"wordCount":616,"commentCount":0,"publisher":{"@id":"https:\/\/25thward.org\/#organization"},"image":{"@id":"https:\/\/25thward.org\/es\/politica-de-chicago-equidad-en-la-vivienda\/#primaryimage"},"thumbnailUrl":"https:\/\/25thward.org\/wp-content\/uploads\/2024\/06\/Chicago-Politics-Housing-Equity-1.jpg","articleSection":["Prensa"],"inLanguage":"es","potentialAction":[{"@type":"CommentAction","name":"Comment","target":["https:\/\/25thward.org\/es\/politica-de-chicago-equidad-en-la-vivienda\/#respond"]}]},{"@type":"WebPage","@id":"https:\/\/25thward.org\/es\/politica-de-chicago-equidad-en-la-vivienda\/","url":"https:\/\/25thward.org\/es\/politica-de-chicago-equidad-en-la-vivienda\/","name":"Pol\u00edtica de Chicago: equidad en la vivienda - 25 Th Ward","isPartOf":{"@id":"https:\/\/25thward.org\/#website"},"primaryImageOfPage":{"@id":"https:\/\/25thward.org\/es\/politica-de-chicago-equidad-en-la-vivienda\/#primaryimage"},"image":{"@id":"https:\/\/25thward.org\/es\/politica-de-chicago-equidad-en-la-vivienda\/#primaryimage"},"thumbnailUrl":"https:\/\/25thward.org\/wp-content\/uploads\/2024\/06\/Chicago-Politics-Housing-Equity-1.jpg","datePublished":"2024-06-20T16:20:56+00:00","dateModified":"2024-06-20T16:22:59+00:00","breadcrumb":{"@id":"https:\/\/25thward.org\/es\/politica-de-chicago-equidad-en-la-vivienda\/#breadcrumb"},"inLanguage":"es","potentialAction":[{"@type":"ReadAction","target":["https:\/\/25thward.org\/es\/politica-de-chicago-equidad-en-la-vivienda\/"]}]},{"@type":"ImageObject","inLanguage":"es","@id":"https:\/\/25thward.org\/es\/politica-de-chicago-equidad-en-la-vivienda\/#primaryimage","url":"https:\/\/25thward.org\/wp-content\/uploads\/2024\/06\/Chicago-Politics-Housing-Equity-1.jpg","contentUrl":"https:\/\/25thward.org\/wp-content\/uploads\/2024\/06\/Chicago-Politics-Housing-Equity-1.jpg","width":1760,"height":1088},{"@type":"BreadcrumbList","@id":"https:\/\/25thward.org\/es\/politica-de-chicago-equidad-en-la-vivienda\/#breadcrumb","itemListElement":[{"@type":"ListItem","position":1,"name":"Home","item":"https:\/\/25thward.org\/es\/"},{"@type":"ListItem","position":2,"name":"Pol\u00edtica de Chicago: equidad en la vivienda"}]},{"@type":"WebSite","@id":"https:\/\/25thward.org\/#website","url":"https:\/\/25thward.org\/","name":"25 Th Ward","description":"","publisher":{"@id":"https:\/\/25thward.org\/#organization"},"potentialAction":[{"@type":"SearchAction","target":{"@type":"EntryPoint","urlTemplate":"https:\/\/25thward.org\/?s={search_term_string}"},"query-input":{"@type":"PropertyValueSpecification","valueRequired":true,"valueName":"search_term_string"}}],"inLanguage":"es"},{"@type":"Organization","@id":"https:\/\/25thward.org\/#organization","name":"Byron Sigcho Lopez","url":"https:\/\/25thward.org\/","logo":{"@type":"ImageObject","inLanguage":"es","@id":"https:\/\/25thward.org\/#\/schema\/logo\/image\/","url":"https:\/\/25thward.org\/wp-content\/uploads\/2023\/08\/Untitled-design-5.png","contentUrl":"https:\/\/25thward.org\/wp-content\/uploads\/2023\/08\/Untitled-design-5.png","width":6912,"height":3456,"caption":"Byron Sigcho Lopez"},"image":{"@id":"https:\/\/25thward.org\/#\/schema\/logo\/image\/"},"sameAs":["https:\/\/www.facebook.com\/SigchoFor25","https:\/\/x.com\/byronsigcho","https:\/\/www.instagram.com\/sigchofor25\/"]},{"@type":"Person","@id":"https:\/\/25thward.org\/#\/schema\/person\/e4b2756d89b02d286f39ffe03f7196de","name":"25thward","image":{"@type":"ImageObject","inLanguage":"es","@id":"https:\/\/secure.gravatar.com\/avatar\/b5608d8e815d0cc520c8b52f2e7b8c87c3e7e032dd108521bc2681a88c5fbe83?s=96&d=mm&r=g","url":"https:\/\/secure.gravatar.com\/avatar\/b5608d8e815d0cc520c8b52f2e7b8c87c3e7e032dd108521bc2681a88c5fbe83?s=96&d=mm&r=g","contentUrl":"https:\/\/secure.gravatar.com\/avatar\/b5608d8e815d0cc520c8b52f2e7b8c87c3e7e032dd108521bc2681a88c5fbe83?s=96&d=mm&r=g","caption":"25thward"},"sameAs":["https:\/\/25thward.org"],"url":"https:\/\/25thward.org\/es\/author\/25thwardbyron-com\/"}]}},"_links":{"self":[{"href":"https:\/\/25thward.org\/es\/wp-json\/wp\/v2\/posts\/11634","targetHints":{"allow":["GET"]}}],"collection":[{"href":"https:\/\/25thward.org\/es\/wp-json\/wp\/v2\/posts"}],"about":[{"href":"https:\/\/25thward.org\/es\/wp-json\/wp\/v2\/types\/post"}],"author":[{"embeddable":true,"href":"https:\/\/25thward.org\/es\/wp-json\/wp\/v2\/users\/1"}],"replies":[{"embeddable":true,"href":"https:\/\/25thward.org\/es\/wp-json\/wp\/v2\/comments?post=11634"}],"version-history":[{"count":7,"href":"https:\/\/25thward.org\/es\/wp-json\/wp\/v2\/posts\/11634\/revisions"}],"predecessor-version":[{"id":11643,"href":"https:\/\/25thward.org\/es\/wp-json\/wp\/v2\/posts\/11634\/revisions\/11643"}],"wp:featuredmedia":[{"embeddable":true,"href":"https:\/\/25thward.org\/es\/wp-json\/wp\/v2\/media\/11635"}],"wp:attachment":[{"href":"https:\/\/25thward.org\/es\/wp-json\/wp\/v2\/media?parent=11634"}],"wp:term":[{"taxonomy":"category","embeddable":true,"href":"https:\/\/25thward.org\/es\/wp-json\/wp\/v2\/categories?post=11634"},{"taxonomy":"post_tag","embeddable":true,"href":"https:\/\/25thward.org\/es\/wp-json\/wp\/v2\/tags?post=11634"}],"curies":[{"name":"wp","href":"https:\/\/api.w.org\/{rel}","templated":true}]}}